{"id":7702,"date":"2026-04-29T10:27:00","date_gmt":"2026-04-29T08:27:00","guid":{"rendered":"https:\/\/consginevra.esteri.it\/?p=7702"},"modified":"2026-04-29T12:13:31","modified_gmt":"2026-04-29T10:13:31","slug":"grim-2026-evento-presso-bracco-imaging","status":"publish","type":"post","link":"https:\/\/consginevra.esteri.it\/it\/news\/dal_consolato\/2026\/04\/grim-2026-evento-presso-bracco-imaging\/","title":{"rendered":"GRIM 2026 &#8211; EVENTO PRESSO BRACCO IMAGING"},"content":{"rendered":"<p>&nbsp;<\/p>\n<h4>IX GIORNATA DELLA RICERCA ITALIANA NEL MONDO<\/h4>\n<h6>Ginevra, 28 aprile 2026<\/h6>\n<p>&nbsp;<\/p>\n<p>\u201cIl pi\u00f9 grande investimento italiano in Svizzera negli ultimi decenni\u201d con queste parole \u00e8 stato commentato dalle Autorit\u00e0 locali e dalla comunit\u00e0 scientifica svizzera ed italiana l\u2019inaugurazione a Ginevra del nuovo stabilimento produttivo del Gruppo Bracco, che triplicher\u00e0 la produzione e la distribuzione di uno dei prodotti di punta della ricerca\u00a0dell\u2019azienda italiana.<\/p>\n<p>Con un investimento da 80 milioni di euro il nuovo building multifunzionale di Bracco Suisse \u2013 HEXAGON \u2013 produrr\u00e0 su scala globale l\u2019innovativo agente di contrasto a ultrasuoni basato su microbolle che permette diagnosi in tempo reale.<\/p>\n<p>Il nuovo edificio, costruito a fianco della storica fabbrica del 1997, \u00e8 stato inaugurato dalla Presidente Diana Bracco, affiancata da Fulvio Renoldi Bracco, Vicepresidente e Ceo di Bracco Imaging, alla presenza dell\u2019Ambasciatore Gianlorenzo Cornado, dell\u2019Ambasciatrice della Svizzera in Italia, Monika Schmutz Kirg\u00f6z, dell\u2019On. Simona Loizzo, di diverse Autorit\u00e0 locali, e della Console Generale a Ginevra Nicoletta Piccirillo.<\/p>\n<p>Il legame di Bracco con la Svizzera nasce con il Centro Ricerche aperto da oltre 40 anni ed in seguito affiancato dal sito produttivo ora integrato dal complesso EXAGHON.\u00a0 Peraltro proprio la prossimit\u00e0 delle unit\u00e0 di R&amp;D e della produzione \u00e8 stata identificata come un fattore essenziale del successo di Bracco Suisse. Nel Centro ricerche di Ginevra Bracco investe in media 12,5 milioni di franchi annui, impiegando 45 scienziati e ricercatori su un totale di 175 impiegati.<\/p>\n<p>Nel suo intervento inaugurale Diana Bracco ha illustrato come grazie a questo nuovo impianto il Gruppo Bracco incrementer\u00e0 la produzione delle microbolle Ceus: una piattaforma per l\u2019imaging a ultrasuoni frutto della ricerca Bracco che consente di arrivare ad informazioni diagnostiche pi\u00f9 precise, e migliora la qualit\u00e0 della vita dei pazienti, permettendo piani di cura personalizzati. La piattaforma Ceus \u00e8 infatti una modalit\u00e0 di imaging diagnostico ad alta sensitivit\u00e0, non invasiva e senza radiazioni.<\/p>\n<p>Fulvio Renoldi Bracco ha enfatizzato l\u2019enorme potenziale della nuova tecnologia, alternativa ai Raggi X, alla Risonanza magnetica e alle procedure Pet\/Spect, proprio per sostenere i sistemi sanitari a essere pi\u00f9 efficienti nella cura dei pazienti,\u00a0 e ha preannunciato che Bracco intende continuare ad investire in questo settore.<\/p>\n<p>Nel suo intervento l\u2019Ambasciatore Cornado ha sottolineato l\u2019alto valore di questa nuova tappa del Gruppo Bracco in Svizzera, che rafforza e diversifica la gi\u00e0 storica presenza del Gruppo nella Confederazione. L\u2019Ambasciatore ha segnalato ai presenti come gli investimenti in questa filiera, in Italia, sono pari a ogni anno a circa 3,3 miliardi di euro e come l\u2019impegno in un settore strategico come quello delle scienze della vita sia cruciale per rimanere nella \u201ctesta di serie\u201d dei Paesi pi\u00f9 innovativi al mondo. \u00a0\u00c8 stato inoltre sottolineato come il settore farmaceutico \u00e8 il secondo comparto del \u201cmade in Italy\u201d per saldo estero, con 17 miliardi di euro nel 2023. L\u2019Ambasciatore ha inoltre valorizzato come il Gruppo Bracco ha notevolmente investito nella sostenibilit\u00e0 in un\u2019ottica di economia circolare e di raggiungimento di \u201czero emissioni nette\u201d.<\/p>\n<p>Nel pomeriggio, presso l\u2019Auditorium Spark, \u00e8 stato organizzato il simposio scientifico \u2018Bubble Power \u2013 Imaging &amp; Beyond\u2019. Moderato da Fabio Tedoldi, Head of Global Research &amp; Development di Bracco Imaging, l\u2019evento vede la partecipazione di Cristina Messa, professoressa di diagnostica per immagini e radioterapia presso l&#8217;Universit\u00e0 degli Studi di Milano-Bicocca e gi\u00e0 ministra dell&#8217;Universit\u00e0 e della ricerca e di numerosi scienziati, manager e specialisti internazionali.<\/p>\n<p>La giornata si \u00e8 conclusa con un ricevimento cui ha preso parte la gran parte della Comunit\u00e0 scientifica del Cantone di Ginevra.<\/p>\n","protected":false},"excerpt":{"rendered":"&nbsp; IX GIORNATA DELLA RICERCA ITALIANA NEL MONDO Ginevra, 28 aprile 2026 &nbsp; \u201cIl pi\u00f9 grande investimento italiano in Svizzera negli ultimi decenni\u201d con queste parole \u00e8 stato commentato dalle Autorit\u00e0 locali e dalla comunit\u00e0 scientifica svizzera ed italiana l\u2019inaugurazione a Ginevra del nuovo stabilimento produttivo del Gruppo Bracco, che triplicher\u00e0 la produzione e la [&hellip;]","protected":false},"author":11,"featured_media":7700,"comment_status":"closed","ping_status":"closed","sticky":false,"template":"","format":"standard","meta":{"footnotes":""},"tags":[],"class_list":["post-7702","post","type-post","status-publish","format-standard","has-post-thumbnail","hentry"],"_links":{"self":[{"href":"https:\/\/consginevra.esteri.it\/it\/wp-json\/wp\/v2\/posts\/7702","targetHints":{"allow":["GET"]}}],"collection":[{"href":"https:\/\/consginevra.esteri.it\/it\/wp-json\/wp\/v2\/posts"}],"about":[{"href":"https:\/\/consginevra.esteri.it\/it\/wp-json\/wp\/v2\/types\/post"}],"author":[{"embeddable":true,"href":"https:\/\/consginevra.esteri.it\/it\/wp-json\/wp\/v2\/users\/11"}],"replies":[{"embeddable":true,"href":"https:\/\/consginevra.esteri.it\/it\/wp-json\/wp\/v2\/comments?post=7702"}],"version-history":[{"count":5,"href":"https:\/\/consginevra.esteri.it\/it\/wp-json\/wp\/v2\/posts\/7702\/revisions"}],"predecessor-version":[{"id":7714,"href":"https:\/\/consginevra.esteri.it\/it\/wp-json\/wp\/v2\/posts\/7702\/revisions\/7714"}],"wp:featuredmedia":[{"embeddable":true,"href":"https:\/\/consginevra.esteri.it\/it\/wp-json\/wp\/v2\/media\/7700"}],"wp:attachment":[{"href":"https:\/\/consginevra.esteri.it\/it\/wp-json\/wp\/v2\/media?parent=7702"}],"wp:term":[{"taxonomy":"post_tag","embeddable":true,"href":"https:\/\/consginevra.esteri.it\/it\/wp-json\/wp\/v2\/tags?post=7702"}],"curies":[{"name":"wp","href":"https:\/\/api.w.org\/{rel}","templated":true}]}}