{"id":1771,"date":"2017-12-15T10:53:22","date_gmt":"2017-12-15T08:53:22","guid":{"rendered":"https:\/\/consginevra.esteri.it\/news\/dal_consolato\/2017\/12\/consolato-generale-d-italia-a-ginevra-2\/"},"modified":"2017-12-15T10:53:22","modified_gmt":"2017-12-15T08:53:22","slug":"consolato-generale-d-italia-a-ginevra-2","status":"publish","type":"post","link":"https:\/\/consginevra.esteri.it\/fr\/news\/dal_consolato\/2017\/12\/consolato-generale-d-italia-a-ginevra-2\/","title":{"rendered":"Consulat G\u00e9n\u00e9ral d\u2019Italie \u00e0 Gen\u00e8ve  &#8211; Avis d\u2019appel d\u2019offres en vue de l\u2019acquisition d\u2019un b\u00e2timent par \u00ab permutation immobili\u00e8re \u00bb"},"content":{"rendered":"<p><strong>15\/12\/2017<\/strong>\u00a0 Nous informons que le Consulat G\u00e9n\u00e9ral d\u2019Italie \u00e0 Gen\u00e8ve a publi\u00e9 un avis d\u2019appel d\u2019offres en vue de l\u2019acquisition d\u2019un b\u00e2timent par \u00ab permutation immobili\u00e8re \u00bb avec l\u2019\u00e9difice actuellement utilis\u00e9 comme si\u00e8ge par le Consulat G\u00e9n\u00e9ral d&rsquo;Italie \u00e0 Gen\u00e8ve.<\/p>\n<p>\u00a0<\/p>\n<p><a href=\"resource\/doc\/2017\/12\/avviso_permuta_fr_-_1-2017.pdf\">AVIS D&rsquo;APPEL D&rsquo;OFFRES<\/a><\/p>\n<p><a href=\"resource\/doc\/2017\/12\/annexe_1_fr.pdf\">ANNEXE 1 FR<\/a><\/p>\n<p><a href=\"resource\/doc\/2017\/12\/annexe_2_fr_-_12.pdf\">ANNEXE 2 FR<\/a><\/p>\n<p><a href=\"resource\/doc\/2017\/12\/annexe_3_fr_-_12.pdf\">ANNEXE 3 FR<\/a><\/p>\n<p>\u00a0<\/p>\n<p><strong>16\/03\/2018 <\/strong>Suite l&rsquo;avis d&rsquo;enqu\u00eate de march\u00e9 mentionn\u00e9 ci-dessus le Consulat G\u00e9n\u00e9ral d\u2019Italie \u00e0 Gen\u00e8ve publie le dossier de cl\u00f4ture de la proc\u00e9dure de permutation immobili\u00e8re<\/p>\n<p><a href=\"resource\/doc\/2018\/03\/verbale_chiusura_procedura_pdf.pdf\">Dossier de cl\u00f4ture de la proc\u00e9dure de permutation immobili\u00e8re<\/a><\/p>\n<p>\u00a0<\/p>\n","protected":false},"excerpt":{"rendered":"15\/12\/2017\u00a0 Nous informons que le Consulat G\u00e9n\u00e9ral d\u2019Italie \u00e0 Gen\u00e8ve a publi\u00e9 un avis d\u2019appel d\u2019offres en vue de l\u2019acquisition d\u2019un b\u00e2timent par \u00ab permutation immobili\u00e8re \u00bb avec l\u2019\u00e9difice actuellement utilis\u00e9 comme si\u00e8ge par le Consulat G\u00e9n\u00e9ral d&rsquo;Italie \u00e0 Gen\u00e8ve. \u00a0 AVIS D&rsquo;APPEL D&rsquo;OFFRES ANNEXE 1 FR ANNEXE 2 FR ANNEXE 3 FR \u00a0 16\/03\/2018 [&hellip;]","protected":false},"author":1,"featured_media":0,"comment_status":"","ping_status":"","sticky":false,"template":"","format":"standard","meta":{"footnotes":""},"tags":[],"class_list":["post-1771","post","type-post","status-publish","format-standard","hentry"],"_links":{"self":[{"href":"https:\/\/consginevra.esteri.it\/fr\/wp-json\/wp\/v2\/posts\/1771","targetHints":{"allow":["GET"]}}],"collection":[{"href":"https:\/\/consginevra.esteri.it\/fr\/wp-json\/wp\/v2\/posts"}],"about":[{"href":"https:\/\/consginevra.esteri.it\/fr\/wp-json\/wp\/v2\/types\/post"}],"author":[{"embeddable":true,"href":"https:\/\/consginevra.esteri.it\/fr\/wp-json\/wp\/v2\/users\/1"}],"replies":[{"embeddable":true,"href":"https:\/\/consginevra.esteri.it\/fr\/wp-json\/wp\/v2\/comments?post=1771"}],"version-history":[{"count":0,"href":"https:\/\/consginevra.esteri.it\/fr\/wp-json\/wp\/v2\/posts\/1771\/revisions"}],"wp:attachment":[{"href":"https:\/\/consginevra.esteri.it\/fr\/wp-json\/wp\/v2\/media?parent=1771"}],"wp:term":[{"taxonomy":"post_tag","embeddable":true,"href":"https:\/\/consginevra.esteri.it\/fr\/wp-json\/wp\/v2\/tags?post=1771"}],"curies":[{"name":"wp","href":"https:\/\/api.w.org\/{rel}","templated":true}]}}